{"id":1009,"date":"2017-07-19T18:12:55","date_gmt":"2017-07-19T18:12:55","guid":{"rendered":"https:\/\/www.toezichtarrestantenzorg.cw\/pa\/?p=1009"},"modified":"2017-12-12T14:55:13","modified_gmt":"2017-12-12T14:55:13","slug":"komishon-di-vigilansia-ta-publika-kuater-4-raport-di-inspekshon","status":"publish","type":"post","link":"https:\/\/toezichtarrestantenzorg.cw\/pa\/2017\/07\/19\/komishon-di-vigilansia-ta-publika-kuater-4-raport-di-inspekshon\/","title":{"rendered":"Commissie Monitoring &#038; Toezicht Politiecellen Cura\u00e7ao ta publika kuater (4) raport di inspekshon"},"content":{"rendered":"<p>CTA-CW Ta publika awe, 19 y\u00fcli 2017, kuater (4) rap\u00f2rt di inspekshon despu\u00e9s di a hasi bishita sin anunsio previo na:<\/p>\n<ol>\n<li>departamentu ser\u00e1 pa hoben di \u00a0JJIC riba 28 nov\u00e8mber 2016<\/li>\n<li>departamentu pa hoben &#8220;Hamaka&#8221; di BRASAMI riba 16 yan\u00fcari 2017<\/li>\n<li>kompleho s\u00e8lnan di polis na RIO CANARIO riba 20 febr\u00fcari 2017<\/li>\n<li>kompleho s\u00e8lnan di polis na\u00a0BARBER riba 25 mart 2017<\/li>\n<\/ol>\n<p>Minister di Hustisia, mr. Q. Girigorie entretantu a tuma medidanan pa remedi\u00e1 e situashon den e s\u00e8lnan di polis.<\/p>\n<p><a href=\"https:\/\/www.toezichtarrestantenzorg.cw\/wp-content\/uploads\/sites\/16\/2017\/07\/Medida-pa-sera-selnan-di-polis.pdf\">Medida pa sera selnan di polis<\/a><\/p>\n","protected":false},"excerpt":{"rendered":"<p>CTA-CW Ta publika awe, 19 y\u00fcli 2017, kuater (4) rap\u00f2rt di inspekshon despu\u00e9s di a hasi bishita sin anunsio previo na: departamentu ser\u00e1 pa hoben di \u00a0JJIC riba 28 nov\u00e8mber 2016 departamentu pa hoben &#8220;Hamaka&#8221; di BRASAMI riba 16 yan\u00fcari 2017 kompleho s\u00e8lnan di polis na RIO CANARIO riba 20 febr\u00fcari 2017 kompleho s\u00e8lnan di [&hellip;]<\/p>\n","protected":false},"author":176,"featured_media":0,"comment_status":"open","ping_status":"closed","sticky":false,"template":"","format":"standard","meta":{"_et_pb_use_builder":"","_et_pb_old_content":"","_et_gb_content_width":"","wds_primary_category":0,"footnotes":""},"categories":[7],"tags":[],"class_list":["post-1009","post","type-post","status-publish","format-standard","hentry","category-uncategorized-pa"],"_links":{"self":[{"href":"https:\/\/toezichtarrestantenzorg.cw\/pa\/wp-json\/wp\/v2\/posts\/1009","targetHints":{"allow":["GET"]}}],"collection":[{"href":"https:\/\/toezichtarrestantenzorg.cw\/pa\/wp-json\/wp\/v2\/posts"}],"about":[{"href":"https:\/\/toezichtarrestantenzorg.cw\/pa\/wp-json\/wp\/v2\/types\/post"}],"author":[{"embeddable":true,"href":"https:\/\/toezichtarrestantenzorg.cw\/pa\/wp-json\/wp\/v2\/users\/176"}],"replies":[{"embeddable":true,"href":"https:\/\/toezichtarrestantenzorg.cw\/pa\/wp-json\/wp\/v2\/comments?post=1009"}],"version-history":[{"count":0,"href":"https:\/\/toezichtarrestantenzorg.cw\/pa\/wp-json\/wp\/v2\/posts\/1009\/revisions"}],"wp:attachment":[{"href":"https:\/\/toezichtarrestantenzorg.cw\/pa\/wp-json\/wp\/v2\/media?parent=1009"}],"wp:term":[{"taxonomy":"category","embeddable":true,"href":"https:\/\/toezichtarrestantenzorg.cw\/pa\/wp-json\/wp\/v2\/categories?post=1009"},{"taxonomy":"post_tag","embeddable":true,"href":"https:\/\/toezichtarrestantenzorg.cw\/pa\/wp-json\/wp\/v2\/tags?post=1009"}],"curies":[{"name":"wp","href":"https:\/\/api.w.org\/{rel}","templated":true}]}}