{"id":740,"date":"2016-08-23T15:02:28","date_gmt":"2016-08-23T15:02:28","guid":{"rendered":"http:\/\/commissietoezichtarrestantenzorg.wordpress.suares.com\/en\/2016\/08\/23\/commissie-toezicht-arrestantenzorg-ta-duna-inisio-ofisial-na-su-tarea-di-vigilansia\/"},"modified":"2017-12-12T14:54:09","modified_gmt":"2017-12-12T14:54:09","slug":"commissie-toezicht-arrestantenzorg-curacao-officieel-van-start-met-haar-toezichtstaak-3","status":"publish","type":"post","link":"https:\/\/toezichtarrestantenzorg.cw\/en\/2016\/08\/23\/commissie-toezicht-arrestantenzorg-curacao-officieel-van-start-met-haar-toezichtstaak-3\/","title":{"rendered":"Commissie Monitoring &#038; Toezicht Politiecellen Cura\u00e7ao officieel van start met haar toezichtstaak"},"content":{"rendered":"<p>[et_pb_section admin_label=&#8221;section&#8221; background_color=&#8221;#fae4d0&#8243; inner_shadow=&#8221;off&#8221; parallax=&#8221;off&#8221; module_class=&#8221;row1-commissie&#8221;][et_pb_row admin_label=&#8221;Row&#8221;][et_pb_column type=&#8221;4_4&#8243;][et_pb_text admin_label=&#8221;Taalkeuze-mobiel&#8221; background_layout=&#8221;light&#8221; text_orientation=&#8221;left&#8221; module_id=&#8221;naw-mobile&#8221; disabled=&#8221;off&#8221; disabled_on=&#8221;||on&#8221; use_border_color=&#8221;off&#8221; border_color=&#8221;#ffffff&#8221; border_style=&#8221;solid&#8221;]<\/p>\n<div style=\"text-align: center!important;\"><a id=\"nld\" href=\"\/\">NLD<\/a><a id=\"pap\" href=\"\/pa\">PAP<\/a><a id=\"esp\" href=\"\/es\">ESP<\/a><a id=\"eng\" href=\"\/en\">ENG<\/a><\/div>\n<p>[\/et_pb_text][\/et_pb_column][\/et_pb_row][et_pb_row admin_label=&#8221;row&#8221;][et_pb_column type=&#8221;2_3&#8243;][et_pb_post_title admin_label=&#8221;Titel bericht&#8221; title=&#8221;on&#8221; meta=&#8221;on&#8221; author=&#8221;off&#8221; date=&#8221;on&#8221; categories=&#8221;off&#8221; comments=&#8221;off&#8221; featured_image=&#8221;off&#8221; featured_placement=&#8221;below&#8221; parallax_effect=&#8221;on&#8221; parallax_method=&#8221;on&#8221; text_orientation=&#8221;left&#8221; text_color=&#8221;dark&#8221; text_background=&#8221;off&#8221; text_bg_color=&#8221;rgba(255,255,255,0.9)&#8221; module_bg_color=&#8221;rgba(255,255,255,0)&#8221; title_all_caps=&#8221;off&#8221; use_border_color=&#8221;off&#8221; border_color=&#8221;#ffffff&#8221; border_style=&#8221;solid&#8221; module_id=&#8221;nl&#8221; custom_padding=&#8221;||0px|&#8221;]<\/p>\n<p>[\/et_pb_post_title][et_pb_text admin_label=&#8221;Tekst&#8221; background_layout=&#8221;light&#8221; text_orientation=&#8221;left&#8221; use_border_color=&#8221;off&#8221; border_color=&#8221;#ffffff&#8221; border_style=&#8221;solid&#8221; module_id=&#8221;nl2&#8243; custom_padding=&#8221;15px|||&#8221;]<\/p>\n<h3>PERSBERICHT<\/h3>\n<p>Minister van Justitie, de heer mr. Nelson Navarro, heeft vorig jaar bij landsbesluit de Commissie Monitoring en Toezicht Politiecellen ingesteld, kortweg genoemd Commissie Toezicht Arrestantenzorg.<br \/>\nDe commissie heeft als taak meegekregen toezicht te houden op de detentiesituatie van arrestanten in politiecellen te Barber, Rio Canario en Blok 1 (in de Sentro di Detenshon i Korekshon K\u00f2rsou (SDKK), van minderjarigen opgesloten in de Justiti\u00eble Jeugd Inrichting Cura\u00e7ao (JJIC), van strafrechtelijk geplaatsten in de verslavingskliniek Brasami en van de personen die in bewaring zijn in de illegalenbarakken.<\/p>\n<p>De installatie van deze commissie is een van de maatregelen die het ministerie van Justitie heeft getroffen, om de zorg die aan arrestanten wordt gegeven, te verbeteren.<\/p>\n<p>Het onderzoek dat heeft plaatsgevonden naar aanleiding van de dood van een arrestant in een politiecel enige tijd terug, heeft aangetoond dat er ernstige tekortkomingen zijn in de detentie situatie in de politiecellen. Het onderzoeksrapport bevat tal van aanbevelingen om de arrestantenzorg te verbeteren. Het betreft de zorg aan personen in voorarrest en die onder de directe verantwoordelijkheid vallen van de politie.<\/p>\n<p>De commissie heeft tot taak gekregen om toezicht te houden op de zorg aan de arrestanten. Deze taak wordt middels inspectiebezoeken uitgevoerd. Tijdens de inspectiebezoeken wordt er gekeken naar de materi\u00eble omstandigheden, de veiligheid van de arrestant en de geboden zorg. Tijdens elke inspectie wordt tevens gesproken met tenminste twee gedetineerden.<\/p>\n<p>De commissie heeft ook tot taak klachten van een arrestant in behandeling te nemen. De klacht kan betrekking hebben op de behandeling vanaf de aanhouding, het transport tot de insluiting in een politiecel. De klachtmogelijkheid is eveneens geldig voor iemand die in JJIC of Brasami is opgesloten.<\/p>\n<p>Met de lancering van haar website, op vrijdag 26 augustus 2016, om 15.00 uur, geeft de commissie het offici\u00eble startsein voor haar werkzaamheden.<\/p>\n<p>Op de website is alle informatie beschikbaar voor een arrestant en\/of ge\u00efnteresseerden.<\/p>\n<p>De website draagt de naam: www.toezichtarrestantenzorg.cw<\/p>\n<p>[\/et_pb_text][et_pb_post_nav admin_label=&#8221;Berichtennavigatie&#8221; in_same_term=&#8221;off&#8221; hide_prev=&#8221;off&#8221; hide_next=&#8221;off&#8221; use_border_color=&#8221;off&#8221; border_color=&#8221;#ffffff&#8221; border_style=&#8221;solid&#8221;]<\/p>\n<p>[\/et_pb_post_nav][et_pb_text admin_label=&#8221;niet aanpassen&#8221; background_layout=&#8221;light&#8221; text_orientation=&#8221;left&#8221; use_border_color=&#8221;off&#8221; border_color=&#8221;#ffffff&#8221; border_style=&#8221;solid&#8221; module_id=&#8221;copyright&#8221; disabled=&#8221;off&#8221; disabled_on=&#8221;on|on|&#8221;]<\/p>\n<p style=\"text-align: justify;\">2016 \u00a9 CTA-CW<\/p>\n<p>[\/et_pb_text][\/et_pb_column][et_pb_column type=&#8221;1_3&#8243;][et_pb_image admin_label=&#8221;logo&#8221; src=&#8221;\/wp-content\/uploads\/sites\/16\/2016\/05\/Logo_Arrestantenzorg.jpg&#8221; url_new_window=&#8221;off&#8221; animation=&#8221;off&#8221; module_id=&#8221;plaatje&#8221; show_in_lightbox=&#8221;off&#8221; use_overlay=&#8221;off&#8221; sticky=&#8221;off&#8221; align=&#8221;left&#8221; force_fullwidth=&#8221;off&#8221; always_center_on_mobile=&#8221;on&#8221; use_border_color=&#8221;off&#8221; border_color=&#8221;#ffffff&#8221; border_style=&#8221;solid&#8221; disabled=&#8221;off&#8221; disabled_on=&#8221;on|on|off&#8221;]<\/p>\n<p>[\/et_pb_image][et_pb_text admin_label=&#8221;Taalkeuze-desktop&#8221; background_layout=&#8221;light&#8221; text_orientation=&#8221;left&#8221; module_id=&#8221;naw&#8221; disabled=&#8221;off&#8221; disabled_on=&#8221;on|on|&#8221; use_border_color=&#8221;off&#8221; border_color=&#8221;#ffffff&#8221; border_style=&#8221;solid&#8221;]<\/p>\n<div style=\"text-align: center!important;\"><a id=\"nld\" href=\"\/\">NLD<\/a><a id=\"pap\" href=\"\/pa\">PAP<\/a><a id=\"esp\" href=\"\/es\">ESP<\/a><a id=\"eng\" href=\"\/en\">ENG<\/a><\/div>\n<p>[\/et_pb_text][et_pb_image admin_label=&#8221;image&#8221; src=&#8221;\/wp-content\/uploads\/sites\/16\/2016\/04\/tralies-2.png&#8221; url_new_window=&#8221;off&#8221; animation=&#8221;off&#8221; module_id=&#8221;plaatje&#8221; show_in_lightbox=&#8221;off&#8221; use_overlay=&#8221;off&#8221; sticky=&#8221;off&#8221; align=&#8221;left&#8221; force_fullwidth=&#8221;off&#8221; always_center_on_mobile=&#8221;on&#8221; use_border_color=&#8221;off&#8221; border_color=&#8221;#ffffff&#8221; border_style=&#8221;solid&#8221; disabled=&#8221;off&#8221; disabled_on=&#8221;||off&#8221;]<\/p>\n<p>[\/et_pb_image][et_pb_cta admin_label=&#8221;download&#8221; button_url=&#8221;\/regelgeving&#8221; button_text=&#8221;Meer informatie&#8221; background_color=&#8221;#7387a9&#8243; use_background_color=&#8221;on&#8221; background_layout=&#8221;dark&#8221; text_orientation=&#8221;center&#8221; module_id=&#8221;flyer&#8221; url_new_window=&#8221;off&#8221; use_border_color=&#8221;off&#8221; border_color=&#8221;#ffffff&#8221; border_style=&#8221;solid&#8221; custom_button=&#8221;off&#8221; button_letter_spacing=&#8221;0&#8243; button_use_icon=&#8221;default&#8221; button_icon_placement=&#8221;right&#8221; button_on_hover=&#8221;on&#8221; button_letter_spacing_hover=&#8221;0&#8243;]<\/p>\n<p style=\"text-align: center;\"><a href=\"\/wp-content\/uploads\/sites\/16\/2016\/07\/2249_MinJus_Arrestantenzorg_Folder_A4.pdf\" target=\"_blank\"><img loading=\"lazy\" decoding=\"async\" class=\"wp-image-308 aligncenter\" src=\"\/wp-content\/uploads\/sites\/16\/2016\/07\/Brochure-CTA-CW-7jul16.jpg\" alt=\"Brochure CTA-CW 7jul16\" width=\"94\" height=\"134\" \/><\/a> <a href=\"\/wp-content\/uploads\/sites\/16\/2016\/07\/2249_MinJus_Arrestantenzorg_Folder_A4.pdf\" target=\"_blank\">Download brochure<\/a><\/p>\n<p>[\/et_pb_cta][et_pb_text admin_label=&#8221;niet aanpassen&#8221; background_layout=&#8221;light&#8221; text_orientation=&#8221;left&#8221; use_border_color=&#8221;off&#8221; border_color=&#8221;#ffffff&#8221; border_style=&#8221;solid&#8221; module_id=&#8221;copyright&#8221; disabled=&#8221;off&#8221; disabled_on=&#8221;||on&#8221;]<\/p>\n<p style=\"text-align: justify;\">2016 \u00a9 CTA-CW <img loading=\"lazy\" decoding=\"async\" class=\"alignnone wp-image-98\" src=\"\/wp-content\/uploads\/sites\/16\/2016\/04\/bullet-1.png\" alt=\"bullet\" width=\"9\" height=\"11\" \/> <a href=\"\/sitemap\/\">Sitemap<\/a><\/p>\n<p>[\/et_pb_text][\/et_pb_column][\/et_pb_row][\/et_pb_section]<\/p>\n","protected":false},"excerpt":{"rendered":"<p>Minister van Justitie, de heer mr. Nelson Navarro, heeft vorig jaar bij landsbesluit de Commissie Monitoring en Toezicht Politiecellen ingesteld, kortweg genoemd Commissie Toezicht Arrestantenzorg.<\/p>\n","protected":false},"author":6,"featured_media":782,"comment_status":"open","ping_status":"closed","sticky":false,"template":"","format":"standard","meta":{"_et_pb_use_builder":"on","_et_pb_old_content":"Malesuada Elit pellentesque vivamus praesent. Inceptos aliquam lobortis vulputate molestie suscipit cursus mollis.<!--more--> Ridiculus dis laoreet montes proin diam est at mi proin. Cum. Accumsan in nisi dui.\r\n\r\nFusce leo dui pede fusce lectus per et eros pellentesque at. Mi ridiculus ornare et bibendum lorem molestie consectetuer quis lorem nisl nisl vestibulum nulla ridiculus Fringilla, iaculis risus ad mi amet at euismod torquent risus.","_et_gb_content_width":"","wds_primary_category":0,"footnotes":""},"categories":[1],"tags":[],"class_list":["post-740","post","type-post","status-publish","format-standard","has-post-thumbnail","hentry","category-uncategorized"],"_links":{"self":[{"href":"https:\/\/toezichtarrestantenzorg.cw\/en\/wp-json\/wp\/v2\/posts\/740","targetHints":{"allow":["GET"]}}],"collection":[{"href":"https:\/\/toezichtarrestantenzorg.cw\/en\/wp-json\/wp\/v2\/posts"}],"about":[{"href":"https:\/\/toezichtarrestantenzorg.cw\/en\/wp-json\/wp\/v2\/types\/post"}],"author":[{"embeddable":true,"href":"https:\/\/toezichtarrestantenzorg.cw\/en\/wp-json\/wp\/v2\/users\/6"}],"replies":[{"embeddable":true,"href":"https:\/\/toezichtarrestantenzorg.cw\/en\/wp-json\/wp\/v2\/comments?post=740"}],"version-history":[{"count":0,"href":"https:\/\/toezichtarrestantenzorg.cw\/en\/wp-json\/wp\/v2\/posts\/740\/revisions"}],"wp:featuredmedia":[{"embeddable":true,"href":"https:\/\/toezichtarrestantenzorg.cw\/en\/wp-json\/wp\/v2\/media\/782"}],"wp:attachment":[{"href":"https:\/\/toezichtarrestantenzorg.cw\/en\/wp-json\/wp\/v2\/media?parent=740"}],"wp:term":[{"taxonomy":"category","embeddable":true,"href":"https:\/\/toezichtarrestantenzorg.cw\/en\/wp-json\/wp\/v2\/categories?post=740"},{"taxonomy":"post_tag","embeddable":true,"href":"https:\/\/toezichtarrestantenzorg.cw\/en\/wp-json\/wp\/v2\/tags?post=740"}],"curies":[{"name":"wp","href":"https:\/\/api.w.org\/{rel}","templated":true}]}}